{"id":3386,"global_id":"tag-der-restaurierung.ch\/fr\/?id=3386","global_id_lineage":["tag-der-restaurierung.ch\/fr\/?id=3386"],"author":"21","status":"publish","date":"2025-10-10 10:57:14","date_utc":"2025-10-10 08:57:14","modified":"2025-10-10 10:57:14","modified_utc":"2025-10-10 08:57:14","url":"https:\/\/tag-der-restaurierung.ch\/fr\/event\/attention-peinture-fraiche-portes-ouvertes-du-nouvel-atelier-pour-le-papier-sarl\/","rest_url":"https:\/\/tag-der-restaurierung.ch\/fr\/wp-json\/tribe\/events\/v1\/events\/3386","title":"Attention peinture fra\u00eeche ! Portes ouvertes du nouvel Atelier pour le papier S\u00e0rl","description":"<p>L&rsquo;Atelier pour le papier S\u00e0rl a ouvert en 2016 \u00e0 Yverdon-les-Bains. Depuis octobre, il occupe de nouveaux locaux plus spacieux pour conserver et restaurer les objets artistiques ou historiques sur support papier. Florane Gindroz Iseli vous pr\u00e9sentera ce nouvel espace con\u00e7u sp\u00e9cialement pour traiter toutes les probl\u00e9matiques de son domaine. Livres, parchemins, documents d&rsquo;archives, arts graphiques, papiers peints &#8211; l&rsquo;occasion unique de plonger dans le monde de la conservation-restauration !<\/p>","excerpt":"","slug":"attention-peinture-fraiche-portes-ouvertes-du-nouvel-atelier-pour-le-papier-sarl","image":{"url":"https:\/\/tag-der-restaurierung.ch\/wp-content\/uploads\/2025\/10\/IMG_8265-1-scaled.jpg","id":3390,"extension":"jpg","width":1920,"height":2560,"filesize":357561,"sizes":{"medium":{"width":225,"height":300,"mime-type":"image\/jpeg","filesize":22469,"url":"https:\/\/tag-der-restaurierung.ch\/wp-content\/uploads\/2025\/10\/IMG_8265-1-225x300.jpg"},"large":{"width":768,"height":1024,"mime-type":"image\/jpeg","filesize":90460,"url":"https:\/\/tag-der-restaurierung.ch\/wp-content\/uploads\/2025\/10\/IMG_8265-1-768x1024.jpg"},"thumbnail":{"width":150,"height":150,"mime-type":"image\/jpeg","filesize":15878,"url":"https:\/\/tag-der-restaurierung.ch\/wp-content\/uploads\/2025\/10\/IMG_8265-1-150x150.jpg"},"medium_large":{"width":768,"height":1024,"mime-type":"image\/jpeg","filesize":90460,"url":"https:\/\/tag-der-restaurierung.ch\/wp-content\/uploads\/2025\/10\/IMG_8265-1-768x1024.jpg"},"1536x1536":{"width":1152,"height":1536,"mime-type":"image\/jpeg","filesize":162285,"url":"https:\/\/tag-der-restaurierung.ch\/wp-content\/uploads\/2025\/10\/IMG_8265-1-1152x1536.jpg"},"2048x2048":{"width":1536,"height":2048,"mime-type":"image\/jpeg","filesize":252314,"url":"https:\/\/tag-der-restaurierung.ch\/wp-content\/uploads\/2025\/10\/IMG_8265-1-1536x2048.jpg"},"et-pb-post-main-image":{"width":400,"height":250,"mime-type":"image\/jpeg","filesize":26424,"url":"https:\/\/tag-der-restaurierung.ch\/wp-content\/uploads\/2025\/10\/IMG_8265-1-400x250.jpg"},"et-pb-post-main-image-fullwidth":{"width":1080,"height":675,"mime-type":"image\/jpeg","filesize":89130,"url":"https:\/\/tag-der-restaurierung.ch\/wp-content\/uploads\/2025\/10\/IMG_8265-1-1080x675.jpg"},"et-pb-portfolio-image":{"width":400,"height":284,"mime-type":"image\/jpeg","filesize":28465,"url":"https:\/\/tag-der-restaurierung.ch\/wp-content\/uploads\/2025\/10\/IMG_8265-1-400x284.jpg"},"et-pb-portfolio-module-image":{"width":510,"height":382,"mime-type":"image\/jpeg","filesize":38273,"url":"https:\/\/tag-der-restaurierung.ch\/wp-content\/uploads\/2025\/10\/IMG_8265-1-510x382.jpg"},"et-pb-portfolio-image-single":{"width":1080,"height":1440,"mime-type":"image\/jpeg","filesize":147837,"url":"https:\/\/tag-der-restaurierung.ch\/wp-content\/uploads\/2025\/10\/IMG_8265-1-1080x1440.jpg"},"et-pb-gallery-module-image-portrait":{"width":400,"height":516,"mime-type":"image\/jpeg","filesize":38589,"url":"https:\/\/tag-der-restaurierung.ch\/wp-content\/uploads\/2025\/10\/IMG_8265-1-400x516.jpg"},"et-pb-post-main-image-fullwidth-large":{"width":2880,"height":1800,"mime-type":"image\/jpeg","filesize":397593,"url":"https:\/\/tag-der-restaurierung.ch\/wp-content\/uploads\/2025\/10\/IMG_8265-1-2880x1800.jpg"},"et-pb-image--responsive--desktop":{"width":1280,"height":1707,"mime-type":"image\/jpeg","filesize":190898,"url":"https:\/\/tag-der-restaurierung.ch\/wp-content\/uploads\/2025\/10\/IMG_8265-1-1280x1707.jpg"},"et-pb-image--responsive--tablet":{"width":980,"height":1307,"mime-type":"image\/jpeg","filesize":128531,"url":"https:\/\/tag-der-restaurierung.ch\/wp-content\/uploads\/2025\/10\/IMG_8265-1-980x1307.jpg"},"et-pb-image--responsive--phone":{"width":480,"height":640,"mime-type":"image\/jpeg","filesize":48598,"url":"https:\/\/tag-der-restaurierung.ch\/wp-content\/uploads\/2025\/10\/IMG_8265-1-480x640.jpg"}},"original_image":"IMG_8265-1.jpg"},"all_day":false,"start_date":"2025-10-19 10:00:00","start_date_details":{"year":"2025","month":"10","day":"19","hour":"10","minutes":"00","seconds":"00"},"end_date":"2025-10-19 17:00:00","end_date_details":{"year":"2025","month":"10","day":"19","hour":"17","minutes":"00","seconds":"00"},"utc_start_date":"2025-10-19 08:00:00","utc_start_date_details":{"year":"2025","month":"10","day":"19","hour":"08","minutes":"00","seconds":"00"},"utc_end_date":"2025-10-19 15:00:00","utc_end_date_details":{"year":"2025","month":"10","day":"19","hour":"15","minutes":"00","seconds":"00"},"timezone":"Europe\/Zurich","timezone_abbr":"CEST","cost":"Gratuit","cost_details":{"currency_symbol":"CHF","currency_code":"CHF","currency_position":"prefix","values":["0"]},"website":"","show_map":true,"show_map_link":true,"hide_from_listings":false,"sticky":false,"featured":false,"categories":[{"name":"F\u00fcr Erwachsene und Kinder","slug":"erwachseneundkinder","term_group":0,"term_taxonomy_id":58,"taxonomy":"tribe_events_cat","description":"","parent":0,"count":5,"filter":"raw","id":58,"urls":{"self":"https:\/\/tag-der-restaurierung.ch\/fr\/wp-json\/tribe\/events\/v1\/categories\/58","collection":"https:\/\/tag-der-restaurierung.ch\/fr\/wp-json\/tribe\/events\/v1\/categories"}},{"name":"Offene T\u00fcren","slug":"offenetueren","term_group":0,"term_taxonomy_id":37,"taxonomy":"tribe_events_cat","description":"","parent":0,"count":7,"filter":"raw","id":37,"urls":{"self":"https:\/\/tag-der-restaurierung.ch\/fr\/wp-json\/tribe\/events\/v1\/categories\/37","collection":"https:\/\/tag-der-restaurierung.ch\/fr\/wp-json\/tribe\/events\/v1\/categories"}}],"tags":[{"name":"Restaurator:in","slug":"restaurator-in","term_group":0,"term_taxonomy_id":48,"taxonomy":"post_tag","description":"","parent":0,"count":10,"filter":"raw","id":48,"urls":{"self":"https:\/\/tag-der-restaurierung.ch\/fr\/wp-json\/tribe\/events\/v1\/tags\/48","collection":"https:\/\/tag-der-restaurierung.ch\/fr\/wp-json\/tribe\/events\/v1\/tags"}},{"name":"Restaurierungsatelier","slug":"atelier","term_group":0,"term_taxonomy_id":51,"taxonomy":"post_tag","description":"","parent":0,"count":7,"filter":"raw","id":51,"urls":{"self":"https:\/\/tag-der-restaurierung.ch\/fr\/wp-json\/tribe\/events\/v1\/tags\/51","collection":"https:\/\/tag-der-restaurierung.ch\/fr\/wp-json\/tribe\/events\/v1\/tags"}}],"venue":{"id":3388,"author":"21","status":"publish","date":"2025-10-10 10:09:26","date_utc":"0000-00-00 00:00:00","modified":"2025-10-10 10:09:26","modified_utc":"0000-00-00 00:00:00","url":"https:\/\/tag-der-restaurierung.ch\/lieu\/yverdon-les-bains\/","venue":"Yverdon-les-Bains","slug":"yverdon-les-bains","address":"Rue Haldimand 87C","city":"Yverdon-les-Bains","zip":"1400","phone":"0796861206","website":"https:\/\/www.atelierpapier.ch","geo_lat":46.7790264,"geo_lng":6.6503407,"json_ld":{"@type":"Place","name":"Yverdon-les-Bains","description":"","url":"https:\/\/tag-der-restaurierung.ch\/lieu\/yverdon-les-bains\/","address":{"@type":"PostalAddress","streetAddress":"Rue Haldimand 87C","addressLocality":"Yverdon-les-Bains","postalCode":"1400"},"geo":{"@type":"GeoCoordinates","latitude":46.7790264,"longitude":6.6503407},"telephone":"0796861206","sameAs":"https:\/\/www.atelierpapier.ch"},"show_map":true,"show_map_link":true,"global_id":"tag-der-restaurierung.ch\/fr\/?id=3388","global_id_lineage":["tag-der-restaurierung.ch\/fr\/?id=3388"]},"organizer":[],"custom_fields":[],"json_ld":{"@context":"http:\/\/schema.org","@type":"Event","name":"Attention peinture fra\u00eeche ! Portes ouvertes du nouvel Atelier pour le papier S\u00e0rl","description":"&lt;p&gt;L\\'Atelier pour le papier S\u00e0rl a ouvert en 2016 \u00e0 Yverdon-les-Bains. Depuis octobre, il occupe de nouveaux locaux plus spacieux pour conserver et restaurer les objets artistiques ou historiques sur [&hellip;]&lt;\/p&gt;\\n","image":"https:\/\/tag-der-restaurierung.ch\/wp-content\/uploads\/2025\/10\/IMG_8265-1-scaled.jpg","url":"https:\/\/tag-der-restaurierung.ch\/fr\/event\/attention-peinture-fraiche-portes-ouvertes-du-nouvel-atelier-pour-le-papier-sarl\/","eventAttendanceMode":"https:\/\/schema.org\/OfflineEventAttendanceMode","eventStatus":"https:\/\/schema.org\/EventScheduled","startDate":"2025-10-19T10:00:00+02:00","endDate":"2025-10-19T17:00:00+02:00","location":{"@type":"Place","name":"Yverdon-les-Bains","description":"","url":"https:\/\/tag-der-restaurierung.ch\/lieu\/yverdon-les-bains\/","address":{"@type":"PostalAddress","streetAddress":"Rue Haldimand 87C","addressLocality":"Yverdon-les-Bains","postalCode":"1400"},"geo":{"@type":"GeoCoordinates","latitude":46.7790264,"longitude":6.6503407},"telephone":"0796861206","sameAs":"https:\/\/www.atelierpapier.ch"},"offers":{"@type":"Offer","price":"0","priceCurrency":"CHF","url":"https:\/\/tag-der-restaurierung.ch\/fr\/event\/attention-peinture-fraiche-portes-ouvertes-du-nouvel-atelier-pour-le-papier-sarl\/","category":"primary","availability":"inStock","validFrom":"1970-01-01T00:00:00+00:00"},"performer":"Organization"},"is_virtual":false,"virtual_url":null,"virtual_video_source":""}