{"id":2679,"global_id":"tag-der-restaurierung.ch\/fr\/?id=2679","global_id_lineage":["tag-der-restaurierung.ch\/fr\/?id=2679"],"author":"76","status":"publish","date":"2025-08-31 13:31:23","date_utc":"2025-08-31 11:31:23","modified":"2025-08-31 13:31:23","modified_utc":"2025-08-31 11:31:23","url":"https:\/\/tag-der-restaurierung.ch\/fr\/event\/vernissage-zofingens-blick-zurueck-1929-1967-filme-aus-dem-studio-scholl\/","rest_url":"https:\/\/tag-der-restaurierung.ch\/fr\/wp-json\/tribe\/events\/v1\/events\/2679","title":"Vernissage: \u00ab\u00a0Zofingens Blick zur\u00fcck (1929-1967) &#8211; Filme aus dem Studio Scholl\u00a0\u00bb","description":"<p>Nach der aufw\u00e4ndigen Restaurierung und Digitalisierung von 200 Filmen aus dem Zofinger Studio Scholl (1929-1967) wird heute mit der Er\u00f6ffnung der Sonderausstellung im Museum Zofingen in Zusammenarbeit mit Memoriav der Bedeutung der sogf\u00e4ltigen Erhaltung und der nachhaltigen Lagerung von Kulturgut Rechnung getragen..<\/p>\n<p>Wir laden zur Vernissage am Sonntag, 19.10.2025 um 11.00 Uhr ein.<\/p>","excerpt":"","slug":"vernissage-zofingens-blick-zurueck-1929-1967-filme-aus-dem-studio-scholl","image":{"url":"https:\/\/tag-der-restaurierung.ch\/wp-content\/uploads\/2025\/07\/MG_2262_Foto-Roger-Wehrli-2-scaled.jpg","id":2693,"extension":"jpg","width":2560,"height":1710,"filesize":503873,"sizes":{"medium":{"width":300,"height":200,"mime-type":"image\/jpeg","filesize":29556,"url":"https:\/\/tag-der-restaurierung.ch\/wp-content\/uploads\/2025\/07\/MG_2262_Foto-Roger-Wehrli-2-300x200.jpg"},"large":{"width":1024,"height":684,"mime-type":"image\/jpeg","filesize":120918,"url":"https:\/\/tag-der-restaurierung.ch\/wp-content\/uploads\/2025\/07\/MG_2262_Foto-Roger-Wehrli-2-1024x684.jpg"},"thumbnail":{"width":150,"height":150,"mime-type":"image\/jpeg","filesize":22245,"url":"https:\/\/tag-der-restaurierung.ch\/wp-content\/uploads\/2025\/07\/MG_2262_Foto-Roger-Wehrli-2-150x150.jpg"},"medium_large":{"width":768,"height":513,"mime-type":"image\/jpeg","filesize":81846,"url":"https:\/\/tag-der-restaurierung.ch\/wp-content\/uploads\/2025\/07\/MG_2262_Foto-Roger-Wehrli-2-768x513.jpg"},"1536x1536":{"width":1536,"height":1026,"mime-type":"image\/jpeg","filesize":220852,"url":"https:\/\/tag-der-restaurierung.ch\/wp-content\/uploads\/2025\/07\/MG_2262_Foto-Roger-Wehrli-2-1536x1026.jpg"},"2048x2048":{"width":2048,"height":1368,"mime-type":"image\/jpeg","filesize":345061,"url":"https:\/\/tag-der-restaurierung.ch\/wp-content\/uploads\/2025\/07\/MG_2262_Foto-Roger-Wehrli-2-2048x1368.jpg"},"et-pb-post-main-image":{"width":400,"height":250,"mime-type":"image\/jpeg","filesize":37250,"url":"https:\/\/tag-der-restaurierung.ch\/wp-content\/uploads\/2025\/07\/MG_2262_Foto-Roger-Wehrli-2-400x250.jpg"},"et-pb-post-main-image-fullwidth":{"width":1080,"height":675,"mime-type":"image\/jpeg","filesize":124405,"url":"https:\/\/tag-der-restaurierung.ch\/wp-content\/uploads\/2025\/07\/MG_2262_Foto-Roger-Wehrli-2-1080x675.jpg"},"et-pb-portfolio-image":{"width":400,"height":284,"mime-type":"image\/jpeg","filesize":39902,"url":"https:\/\/tag-der-restaurierung.ch\/wp-content\/uploads\/2025\/07\/MG_2262_Foto-Roger-Wehrli-2-400x284.jpg"},"et-pb-portfolio-module-image":{"width":510,"height":382,"mime-type":"image\/jpeg","filesize":53966,"url":"https:\/\/tag-der-restaurierung.ch\/wp-content\/uploads\/2025\/07\/MG_2262_Foto-Roger-Wehrli-2-510x382.jpg"},"et-pb-portfolio-image-single":{"width":1080,"height":721,"mime-type":"image\/jpeg","filesize":130391,"url":"https:\/\/tag-der-restaurierung.ch\/wp-content\/uploads\/2025\/07\/MG_2262_Foto-Roger-Wehrli-2-1080x721.jpg"},"et-pb-gallery-module-image-portrait":{"width":400,"height":516,"mime-type":"image\/jpeg","filesize":58910,"url":"https:\/\/tag-der-restaurierung.ch\/wp-content\/uploads\/2025\/07\/MG_2262_Foto-Roger-Wehrli-2-400x516.jpg"},"et-pb-post-main-image-fullwidth-large":{"width":2880,"height":1800,"mime-type":"image\/jpeg","filesize":590668,"url":"https:\/\/tag-der-restaurierung.ch\/wp-content\/uploads\/2025\/07\/MG_2262_Foto-Roger-Wehrli-2-2880x1800.jpg"},"et-pb-image--responsive--desktop":{"width":1280,"height":855,"mime-type":"image\/jpeg","filesize":167292,"url":"https:\/\/tag-der-restaurierung.ch\/wp-content\/uploads\/2025\/07\/MG_2262_Foto-Roger-Wehrli-2-1280x855.jpg"},"et-pb-image--responsive--tablet":{"width":980,"height":655,"mime-type":"image\/jpeg","filesize":114039,"url":"https:\/\/tag-der-restaurierung.ch\/wp-content\/uploads\/2025\/07\/MG_2262_Foto-Roger-Wehrli-2-980x655.jpg"},"et-pb-image--responsive--phone":{"width":480,"height":321,"mime-type":"image\/jpeg","filesize":46335,"url":"https:\/\/tag-der-restaurierung.ch\/wp-content\/uploads\/2025\/07\/MG_2262_Foto-Roger-Wehrli-2-480x321.jpg"}},"original_image":"MG_2262_Foto-Roger-Wehrli-2.jpg"},"all_day":false,"start_date":"2025-10-19 11:00:00","start_date_details":{"year":"2025","month":"10","day":"19","hour":"11","minutes":"00","seconds":"00"},"end_date":"2025-10-19 13:00:00","end_date_details":{"year":"2025","month":"10","day":"19","hour":"13","minutes":"00","seconds":"00"},"utc_start_date":"2025-10-19 09:00:00","utc_start_date_details":{"year":"2025","month":"10","day":"19","hour":"09","minutes":"00","seconds":"00"},"utc_end_date":"2025-10-19 11:00:00","utc_end_date_details":{"year":"2025","month":"10","day":"19","hour":"11","minutes":"00","seconds":"00"},"timezone":"Europe\/Zurich","timezone_abbr":"CEST","cost":"","cost_details":{"currency_symbol":"CHF","currency_code":"CHF","currency_position":"prefix","values":[]},"website":"https:\/\/museumzofingen.ch","show_map":true,"show_map_link":true,"hide_from_listings":false,"sticky":false,"featured":false,"categories":[{"name":"Fest","slug":"fest","term_group":0,"term_taxonomy_id":47,"taxonomy":"tribe_events_cat","description":"","parent":0,"count":1,"filter":"raw","id":47,"urls":{"self":"https:\/\/tag-der-restaurierung.ch\/fr\/wp-json\/tribe\/events\/v1\/categories\/47","collection":"https:\/\/tag-der-restaurierung.ch\/fr\/wp-json\/tribe\/events\/v1\/categories"}}],"tags":[{"name":"Museum","slug":"museum","term_group":0,"term_taxonomy_id":49,"taxonomy":"post_tag","description":"","parent":0,"count":18,"filter":"raw","id":49,"urls":{"self":"https:\/\/tag-der-restaurierung.ch\/fr\/wp-json\/tribe\/events\/v1\/tags\/49","collection":"https:\/\/tag-der-restaurierung.ch\/fr\/wp-json\/tribe\/events\/v1\/tags"}}],"venue":{"id":2682,"author":"76","status":"publish","date":"2025-07-03 16:35:04","date_utc":"0000-00-00 00:00:00","modified":"2025-07-03 16:35:04","modified_utc":"0000-00-00 00:00:00","url":"https:\/\/tag-der-restaurierung.ch\/lieu\/museum-zofingen\/","venue":"Museum Zofingen","slug":"museum-zofingen","address":"General-Guisan- Strasse 18","city":"Zofingen","country":"Switzerland","zip":"4800","phone":"0627516763","website":"https:museumzofingen.ch","geo_lat":47.2904396,"geo_lng":7.9466531,"json_ld":{"@type":"Place","name":"Museum Zofingen","description":"","url":"https:\/\/tag-der-restaurierung.ch\/lieu\/museum-zofingen\/","address":{"@type":"PostalAddress","streetAddress":"General-Guisan- Strasse 18","addressLocality":"Zofingen","postalCode":"4800","addressCountry":"Switzerland"},"geo":{"@type":"GeoCoordinates","latitude":47.2904396,"longitude":7.9466531},"telephone":"0627516763","sameAs":"https:museumzofingen.ch"},"show_map":true,"show_map_link":true,"global_id":"tag-der-restaurierung.ch\/fr\/?id=2682","global_id_lineage":["tag-der-restaurierung.ch\/fr\/?id=2682"]},"organizer":[{"id":2692,"author":"76","status":"publish","date":"2025-07-03 16:35:37","date_utc":"2025-07-03 14:35:37","modified":"2025-10-08 18:53:17","modified_utc":"2025-10-08 16:53:17","url":"https:\/\/tag-der-restaurierung.ch\/organisateur\/museum-z-2\/","organizer":"Museum Zofingen","slug":"museum-z-2","phone":"0627516763","website":"https:\/\/museumzofingen.ch","email":"museums@zofingen.ch","json_ld":{"@type":"Person","name":"Museum Zofingen","description":"","url":"https:\/\/museumzofingen.ch","telephone":"0627516763","email":"mu&#115;&#101;&#117;&#109;&#115;&#64;zo&#102;i&#110;&#103;&#101;&#110;&#46;&#99;h","sameAs":"https:\/\/museumzofingen.ch"},"global_id":"tag-der-restaurierung.ch\/fr\/?id=2692","global_id_lineage":["tag-der-restaurierung.ch\/fr\/?id=2692"]}],"custom_fields":[],"json_ld":{"@context":"http:\/\/schema.org","@type":"Event","name":"Vernissage: \u00ab\u00a0Zofingens Blick zur\u00fcck (1929-1967) &#8211; Filme aus dem Studio Scholl\u00a0\u00bb","description":"&lt;p&gt;Nach der aufw\u00e4ndigen Restaurierung und Digitalisierung von 200 Filmen aus dem Zofinger Studio Scholl (1929-1967) wird heute mit der Er\u00f6ffnung der Sonderausstellung im Museum Zofingen in Zusammenarbeit mit Memoriav der [&hellip;]&lt;\/p&gt;\\n","image":"https:\/\/tag-der-restaurierung.ch\/wp-content\/uploads\/2025\/07\/MG_2262_Foto-Roger-Wehrli-2-scaled.jpg","url":"https:\/\/tag-der-restaurierung.ch\/fr\/event\/vernissage-zofingens-blick-zurueck-1929-1967-filme-aus-dem-studio-scholl\/","eventAttendanceMode":"https:\/\/schema.org\/OfflineEventAttendanceMode","eventStatus":"https:\/\/schema.org\/EventScheduled","startDate":"2025-10-19T11:00:00+02:00","endDate":"2025-10-19T13:00:00+02:00","location":{"@type":"Place","name":"Museum Zofingen","description":"","url":"https:\/\/tag-der-restaurierung.ch\/lieu\/museum-zofingen\/","address":{"@type":"PostalAddress","streetAddress":"General-Guisan- Strasse 18","addressLocality":"Zofingen","postalCode":"4800","addressCountry":"Switzerland"},"geo":{"@type":"GeoCoordinates","latitude":47.2904396,"longitude":7.9466531},"telephone":"0627516763","sameAs":"https:museumzofingen.ch"},"organizer":{"@type":"Person","name":"Museum Zofingen","description":"","url":"https:\/\/museumzofingen.ch","telephone":"0627516763","email":"&#109;u&#115;eu&#109;s&#64;&#122;o&#102;i&#110;g&#101;&#110;.&#99;&#104;","sameAs":"https:\/\/museumzofingen.ch"},"performer":"Organization"},"is_virtual":false,"virtual_url":null,"virtual_video_source":""}